{"id":59,"date":"2002-02-17T20:03:27","date_gmt":"2002-02-17T23:03:27","guid":{"rendered":"http:\/\/isetta.cl\/wp\/?p=59"},"modified":"2015-06-02T14:20:57","modified_gmt":"2015-06-02T18:20:57","slug":"reunion-febrero-del-2002","status":"publish","type":"post","link":"https:\/\/isetta.cl\/wp\/reunion-febrero-del-2002\/","title":{"rendered":"Febrero del 2002"},"content":{"rendered":"<div id=\"fb-root\"><\/div>\n<p>Este paseo a la Quinta Regi\u00f3n surge a ra\u00edz de la invitaci\u00f3n de Christian Morgado due\u00f1o del prestigioso Servicio T\u00e9cnico Automotriz de Vi\u00f1a del Mar y la cadena de comida r\u00e1pida Mc Donald. Christian tambi\u00e9n tiene una Isetta a punto de renacer.<img loading=\"lazy\" class=\"alignnone wp-image-64 size-medium\" src=\"http:\/\/isetta.cl\/wp\/wp-content\/uploads\/2014\/08\/club_isettas_febrero_2002_05-300x204.jpg\" alt=\"club_isettas_febrero_2002_05\" width=\"300\" height=\"204\" srcset=\"https:\/\/isetta.cl\/wp\/wp-content\/uploads\/2014\/08\/club_isettas_febrero_2002_05-300x204.jpg 300w, https:\/\/isetta.cl\/wp\/wp-content\/uploads\/2014\/08\/club_isettas_febrero_2002_05-624x425.jpg 624w, https:\/\/isetta.cl\/wp\/wp-content\/uploads\/2014\/08\/club_isettas_febrero_2002_05.jpg 800w\" sizes=\"(max-width: 300px) 100vw, 300px\" \/><\/p>\n<p>El viaje de ida estuvo cargado de aventuras, ya que un grupo parti\u00f3 el d\u00eda anterior por la Autopista del Sol para encontrarse al d\u00eda siguiente en el cruce de Casablanca con el grupo que sal\u00eda desde Santiago, desde este \u00faltimo punto s\u00f3lo sali\u00f3 Carlos Lillo con su s\u00faper Isetta 1958, en un viaje que dur\u00f3 aproximadamente 3 horas 1\/2 producto de la demora en encontrarnos.<\/p>\n<p><a href=\"http:\/\/isetta.cl\/wp\/wp-content\/uploads\/2014\/08\/club_isettas_febrero_2002_01.jpg\"><img loading=\"lazy\" class=\"alignnone size-full wp-image-60\" src=\"http:\/\/isetta.cl\/wp\/wp-content\/uploads\/2014\/08\/club_isettas_febrero_2002_01.jpg\" alt=\"club_isettas_febrero_2002_01\" width=\"600\" height=\"450\" srcset=\"https:\/\/isetta.cl\/wp\/wp-content\/uploads\/2014\/08\/club_isettas_febrero_2002_01.jpg 600w, https:\/\/isetta.cl\/wp\/wp-content\/uploads\/2014\/08\/club_isettas_febrero_2002_01-300x225.jpg 300w\" sizes=\"(max-width: 600px) 100vw, 600px\" \/><\/a> <a href=\"http:\/\/isetta.cl\/wp\/wp-content\/uploads\/2014\/08\/club_isettas_febrero_2002_02.jpg\"><img loading=\"lazy\" class=\"alignnone size-medium wp-image-61\" src=\"http:\/\/isetta.cl\/wp\/wp-content\/uploads\/2014\/08\/club_isettas_febrero_2002_02-300x225.jpg\" alt=\"club_isettas_febrero_2002_02\" width=\"300\" height=\"225\" srcset=\"https:\/\/isetta.cl\/wp\/wp-content\/uploads\/2014\/08\/club_isettas_febrero_2002_02-300x225.jpg 300w, https:\/\/isetta.cl\/wp\/wp-content\/uploads\/2014\/08\/club_isettas_febrero_2002_02.jpg 600w\" sizes=\"(max-width: 300px) 100vw, 300px\" \/><\/a> <a href=\"http:\/\/isetta.cl\/wp\/wp-content\/uploads\/2014\/08\/club_isettas_febrero_2002_03.jpg\"><img loading=\"lazy\" class=\"alignnone size-medium wp-image-62\" src=\"http:\/\/isetta.cl\/wp\/wp-content\/uploads\/2014\/08\/club_isettas_febrero_2002_03-300x225.jpg\" alt=\"club_isettas_febrero_2002_03\" width=\"300\" height=\"225\" srcset=\"https:\/\/isetta.cl\/wp\/wp-content\/uploads\/2014\/08\/club_isettas_febrero_2002_03-300x225.jpg 300w, https:\/\/isetta.cl\/wp\/wp-content\/uploads\/2014\/08\/club_isettas_febrero_2002_03.jpg 600w\" sizes=\"(max-width: 300px) 100vw, 300px\" \/><\/a><\/p>\n<p>Llegamos a Vi\u00f1a del Mar donde la expectaci\u00f3n de los transe\u00fantes fue may\u00fascula al ver a cinco Isettas impecablemente restauradas camino hacia el Mc Donald de Vi\u00f1a del Mar donde nos estacionamos. En ese lugar estaba preparado un escenario para recibirnos con hamburguesas y bebidas para todos los integrantes de la caravana. Posteriormente invitamos a los ni\u00f1os que estaban en el Restaurante a dar una vuelta por la avenida Per\u00fa y San Mart\u00edn, lo que atrajo a mas personas para ver estos \u00abbichos raros\u00bb que muchos no hab\u00edan visto nunca.<\/p>\n<p>Cuando lleg\u00f3 la noche un grupo se fue a probar suerte al Casino y otros a dormir, al d\u00eda siguiente nos fuimos en caravana a recorrer Valpara\u00edso y sus avenidas.<\/p>\n<p>Nos sacamos una foto hist\u00f3rica donde se aprecian las Isettas al lado de un Troleb\u00fas, luego de estas fotos y paseos por el puerto regresamos a Santiago.<\/p>\n<p><img loading=\"lazy\" class=\"alignnone wp-image-63 size-full\" src=\"http:\/\/isetta.cl\/wp\/wp-content\/uploads\/2014\/08\/club_isettas_febrero_2002_04.jpg\" alt=\"club_isettas_febrero_2002_04\" width=\"600\" height=\"450\" srcset=\"https:\/\/isetta.cl\/wp\/wp-content\/uploads\/2014\/08\/club_isettas_febrero_2002_04.jpg 600w, https:\/\/isetta.cl\/wp\/wp-content\/uploads\/2014\/08\/club_isettas_febrero_2002_04-300x225.jpg 300w\" sizes=\"(max-width: 600px) 100vw, 600px\" \/><\/p>\n<p>En la ruta surgi\u00f3 el primer inconveniente, saliendo del t\u00fanel Zapata en la bajada se le cortaron los frenos a Carlos Lillo, qui\u00e9n demostrando su experticia en el manejo logr\u00f3 detener la Isetta al lado de un terrapl\u00e9n de arena. Debido a esto amarramos la Isetta al cami\u00f3n de apoyo de Arturo Casorzo quien ya llevaba en panne la Isetta canario de Sebasti\u00e1n, transcurridos unos metros de remolque, se sali\u00f3 la rueda trasera de la Isetta por lo tanto debimos detener la caravana y reparar la falla. El problema fue que se hab\u00eda salido la tuerca del eje. Colocada la tuerca y afirmada la rueda se recuperaron los frenos y Carlos Lillo continu\u00f3 viaje sin novedad hasta su casa al igual que Ren\u00e9 Viancos, Isabel Uribe, Arturo Casorzo, Marcelo Ginestar, Aldo Schnaidt. Como se dar\u00e1n cuenta fue un viaje inolvidable.<\/p>\n<p>Fotos: Carlos Lillo<\/p>\n ","protected":false},"excerpt":{"rendered":"<p>Este paseo a la Quinta Regi\u00f3n surge a ra\u00edz de la invitaci\u00f3n de Christian Morgado due\u00f1o del prestigioso Servicio T\u00e9cnico Automotriz de Vi\u00f1a del Mar y la cadena de comida r\u00e1pida Mc Donald. Christian tambi\u00e9n tiene una Isetta a punto de renacer. El viaje de ida estuvo cargado de aventuras, ya que un grupo parti\u00f3 &hellip; <a href=\"https:\/\/isetta.cl\/wp\/reunion-febrero-del-2002\/\" class=\"more-link\">Seguir leyendo <span class=\"screen-reader-text\">Febrero del 2002<\/span> <span class=\"meta-nav\">&rarr;<\/span><\/a><\/p>\n","protected":false},"author":1,"featured_media":0,"comment_status":"open","ping_status":"open","sticky":false,"template":"","format":"standard","meta":[],"categories":[2],"tags":[],"_links":{"self":[{"href":"https:\/\/isetta.cl\/wp\/wp-json\/wp\/v2\/posts\/59"}],"collection":[{"href":"https:\/\/isetta.cl\/wp\/wp-json\/wp\/v2\/posts"}],"about":[{"href":"https:\/\/isetta.cl\/wp\/wp-json\/wp\/v2\/types\/post"}],"author":[{"embeddable":true,"href":"https:\/\/isetta.cl\/wp\/wp-json\/wp\/v2\/users\/1"}],"replies":[{"embeddable":true,"href":"https:\/\/isetta.cl\/wp\/wp-json\/wp\/v2\/comments?post=59"}],"version-history":[{"count":3,"href":"https:\/\/isetta.cl\/wp\/wp-json\/wp\/v2\/posts\/59\/revisions"}],"predecessor-version":[{"id":485,"href":"https:\/\/isetta.cl\/wp\/wp-json\/wp\/v2\/posts\/59\/revisions\/485"}],"wp:attachment":[{"href":"https:\/\/isetta.cl\/wp\/wp-json\/wp\/v2\/media?parent=59"}],"wp:term":[{"taxonomy":"category","embeddable":true,"href":"https:\/\/isetta.cl\/wp\/wp-json\/wp\/v2\/categories?post=59"},{"taxonomy":"post_tag","embeddable":true,"href":"https:\/\/isetta.cl\/wp\/wp-json\/wp\/v2\/tags?post=59"}],"curies":[{"name":"wp","href":"https:\/\/api.w.org\/{rel}","templated":true}]}}